{"id":1246,"date":"2021-05-11T11:15:00","date_gmt":"2021-05-11T09:15:00","guid":{"rendered":"https:\/\/ploiesti-brasov.ro\/?p=1246"},"modified":"2021-05-05T10:04:02","modified_gmt":"2021-05-05T08:04:02","slug":"interviu-cu-primarul-orasului-azuga-george-barbu-despre-autostrada-ploiesti-brasov","status":"publish","type":"post","link":"https:\/\/ploiesti-brasov.ro\/index.php\/2021\/05\/11\/interviu-cu-primarul-orasului-azuga-george-barbu-despre-autostrada-ploiesti-brasov\/","title":{"rendered":"Interviu cu primarul ora\u0219ului Azuga, George Barbu"},"content":{"rendered":"\t\t<div data-elementor-type=\"wp-post\" data-elementor-id=\"1246\" class=\"elementor elementor-1246\" data-elementor-settings=\"[]\">\n\t\t\t\t\t\t\t<div class=\"elementor-section-wrap\">\n\t\t\t\t\t\t\t<section class=\"elementor-section elementor-top-section elementor-element elementor-element-7ecebc2 elementor-section-boxed elementor-section-height-default elementor-section-height-default\" data-id=\"7ecebc2\" data-element_type=\"section\">\n\t\t\t\t\t\t<div class=\"elementor-container elementor-column-gap-default\">\n\t\t\t\t\t<div class=\"elementor-column elementor-col-100 elementor-top-column elementor-element elementor-element-edc74c5\" data-id=\"edc74c5\" data-element_type=\"column\">\n\t\t\t<div class=\"elementor-widget-wrap elementor-element-populated\">\n\t\t\t\t\t\t\t\t<div class=\"elementor-element elementor-element-d117448 elementor-aspect-ratio-169 elementor-widget elementor-widget-video\" data-id=\"d117448\" data-element_type=\"widget\" data-settings=\"{&quot;youtube_url&quot;:&quot;https:\\\/\\\/youtu.be\\\/Q_rQgmMF-XA&quot;,&quot;video_type&quot;:&quot;youtube&quot;,&quot;controls&quot;:&quot;yes&quot;,&quot;aspect_ratio&quot;:&quot;169&quot;}\" data-widget_type=\"video.default\">\n\t\t\t\t<div class=\"elementor-widget-container\">\n\t\t\t\t\t<div class=\"elementor-wrapper elementor-fit-aspect-ratio elementor-open-inline\">\n\t\t\t<div class=\"elementor-video\"><\/div>\t\t<\/div>\n\t\t\t\t<\/div>\n\t\t\t\t<\/div>\n\t\t\t\t\t<\/div>\n\t\t<\/div>\n\t\t\t\t\t\t\t<\/div>\n\t\t<\/section>\n\t\t\t\t<section class=\"elementor-section elementor-top-section elementor-element elementor-element-17e8a68 elementor-section-boxed elementor-section-height-default elementor-section-height-default\" data-id=\"17e8a68\" data-element_type=\"section\">\n\t\t\t\t\t\t<div class=\"elementor-container elementor-column-gap-default\">\n\t\t\t\t\t<div class=\"elementor-column elementor-col-100 elementor-top-column elementor-element elementor-element-be1be5c\" data-id=\"be1be5c\" data-element_type=\"column\">\n\t\t\t<div class=\"elementor-widget-wrap elementor-element-populated\">\n\t\t\t\t\t\t\t\t<div class=\"elementor-element elementor-element-02a7f35 elementor-widget elementor-widget-spacer\" data-id=\"02a7f35\" data-element_type=\"widget\" data-widget_type=\"spacer.default\">\n\t\t\t\t<div class=\"elementor-widget-container\">\n\t\t\t\t\t<div class=\"elementor-spacer\">\n\t\t\t<div class=\"elementor-spacer-inner\"><\/div>\n\t\t<\/div>\n\t\t\t\t<\/div>\n\t\t\t\t<\/div>\n\t\t\t\t\t<\/div>\n\t\t<\/div>\n\t\t\t\t\t\t\t<\/div>\n\t\t<\/section>\n\t\t\t\t<section class=\"elementor-section elementor-top-section elementor-element elementor-element-ffd56d2 elementor-section-boxed elementor-section-height-default elementor-section-height-default\" data-id=\"ffd56d2\" data-element_type=\"section\">\n\t\t\t\t\t\t<div class=\"elementor-container elementor-column-gap-default\">\n\t\t\t\t\t<div class=\"elementor-column elementor-col-100 elementor-top-column elementor-element elementor-element-5f763b9\" data-id=\"5f763b9\" data-element_type=\"column\">\n\t\t\t<div class=\"elementor-widget-wrap elementor-element-populated\">\n\t\t\t\t\t\t\t\t<div class=\"elementor-element elementor-element-2fad231 elementor-widget elementor-widget-heading\" data-id=\"2fad231\" data-element_type=\"widget\" data-widget_type=\"heading.default\">\n\t\t\t\t<div class=\"elementor-widget-container\">\n\t\t\t<h2 class=\"elementor-heading-title elementor-size-default\">George Barbu, primarul ora\u0219ului Azuga despre autostrada Ploie\u0219ti-Bra\u0219ov<\/h2>\t\t<\/div>\n\t\t\t\t<\/div>\n\t\t\t\t\t<\/div>\n\t\t<\/div>\n\t\t\t\t\t\t\t<\/div>\n\t\t<\/section>\n\t\t\t\t<section class=\"elementor-section elementor-top-section elementor-element elementor-element-5dab2c2 elementor-section-boxed elementor-section-height-default elementor-section-height-default\" data-id=\"5dab2c2\" data-element_type=\"section\">\n\t\t\t\t\t\t<div class=\"elementor-container elementor-column-gap-default\">\n\t\t\t\t\t<div class=\"elementor-column elementor-col-100 elementor-top-column elementor-element elementor-element-c804a6d\" data-id=\"c804a6d\" data-element_type=\"column\">\n\t\t\t<div class=\"elementor-widget-wrap elementor-element-populated\">\n\t\t\t\t\t\t\t\t<div class=\"elementor-element elementor-element-730b6bc elementor-widget elementor-widget-text-editor\" data-id=\"730b6bc\" data-element_type=\"widget\" data-widget_type=\"text-editor.default\">\n\t\t\t\t<div class=\"elementor-widget-container\">\n\t\t\t\t\t\t\t<p>George Barbu, primarul ora\u0219ului Azuga: \u201dComunit\u0103\u021bile sunt consultate \u00een implementarea acestui proiect\u201d<\/p><p>George Barbu, primarul ora\u0219ului Azuga, a precizat c\u0103 \u00eentre localit\u0103\u021bi \u0219i institu\u021biile statului exist\u0103 o leg\u0103tur\u0103 institu\u021bional\u0103 puternic\u0103 \u0219i o voin\u021b\u0103 cumulat\u0103 \u00een a construi autostrada Ploie\u0219ti-Bra\u0219ov, ad\u0103ug\u00e2nd c\u0103 vocea comunit\u0103\u021bilor pe care le reprezint\u0103 \u00een calitate de ale\u0219i locali este ascultat\u0103 \u0219i ofer\u0103 mai mult for\u021b\u0103 \u0219i concrete\u021be proiectului \u00een ansamblu.\u00a0<\/p><p><em>\u201dDin partea Asocia\u021biei de Dezvoltare Intercomunitar\u0103 Valea Prahovei ini\u021biat\u0103 de noi, primarii din aceast\u0103 regiune, v\u0103 spun cu m\u00e2na pe suflet c\u0103 sunt primele discu\u021bii reale referitoare la un proiect important pe care ni-l dorim de foarte mult\u0103 vreme. <\/em><\/p><p><em>\u00a0Acest proiect este \u0219i un proiect important pentru toat\u0103 \u021bar\u0103. La nivel na\u021bional \u0219tim bine cu ce aglomera\u021bii ne confrunt\u0103m. Se vede implicarea Ministerului Transporturilor, a CNAIR, care au venit deja de m\u00e2n\u0103 cu proiectan\u021bii cu contractul semnat \u00een prealabil pentru proiectarea autostr\u0103zii \u0219i acest fapt \u00eemi cre\u0219te speran\u021ba \u0219i \u00eencrederea c\u0103 acest proeict va porni \u00een c\u00e2\u021biva ani de zile\u201e, a explicat George Barbu.\u00a0 \u00a0<\/em><\/p>\t\t\t\t\t\t<\/div>\n\t\t\t\t<\/div>\n\t\t\t\t\t<\/div>\n\t\t<\/div>\n\t\t\t\t\t\t\t<\/div>\n\t\t<\/section>\n\t\t\t\t\t\t<\/div>\n\t\t\t\t\t<\/div>\n\t\t","protected":false},"excerpt":{"rendered":"<p>George Barbu, primarul ora\u0219ului Azuga, a precizat c\u0103 \u00eentre localit\u0103\u021bi \u0219i institu\u021biile statului exist\u0103 o leg\u0103tur\u0103 institu\u021bional\u0103 puternic\u0103 \u0219i o voin\u021b\u0103 cumulat\u0103 \u00een a construi autostrada Ploie\u0219ti-Bra\u0219ov, ad\u0103ug\u00e2nd c\u0103 vocea comunit\u0103\u021bilor pe care le reprezint\u0103 \u00een calitate de ale\u0219i locali este ascultat\u0103 \u0219i ofer\u0103 mai mult for\u021b\u0103 \u0219i concrete\u021be proiectului \u00een ansamblu.  <\/p>\n","protected":false},"author":6,"featured_media":1248,"comment_status":"closed","ping_status":"open","sticky":false,"template":"","format":"standard","meta":[],"categories":[14],"tags":[],"_links":{"self":[{"href":"https:\/\/ploiesti-brasov.ro\/index.php\/wp-json\/wp\/v2\/posts\/1246"}],"collection":[{"href":"https:\/\/ploiesti-brasov.ro\/index.php\/wp-json\/wp\/v2\/posts"}],"about":[{"href":"https:\/\/ploiesti-brasov.ro\/index.php\/wp-json\/wp\/v2\/types\/post"}],"author":[{"embeddable":true,"href":"https:\/\/ploiesti-brasov.ro\/index.php\/wp-json\/wp\/v2\/users\/6"}],"replies":[{"embeddable":true,"href":"https:\/\/ploiesti-brasov.ro\/index.php\/wp-json\/wp\/v2\/comments?post=1246"}],"version-history":[{"count":13,"href":"https:\/\/ploiesti-brasov.ro\/index.php\/wp-json\/wp\/v2\/posts\/1246\/revisions"}],"predecessor-version":[{"id":1260,"href":"https:\/\/ploiesti-brasov.ro\/index.php\/wp-json\/wp\/v2\/posts\/1246\/revisions\/1260"}],"wp:featuredmedia":[{"embeddable":true,"href":"https:\/\/ploiesti-brasov.ro\/index.php\/wp-json\/wp\/v2\/media\/1248"}],"wp:attachment":[{"href":"https:\/\/ploiesti-brasov.ro\/index.php\/wp-json\/wp\/v2\/media?parent=1246"}],"wp:term":[{"taxonomy":"category","embeddable":true,"href":"https:\/\/ploiesti-brasov.ro\/index.php\/wp-json\/wp\/v2\/categories?post=1246"},{"taxonomy":"post_tag","embeddable":true,"href":"https:\/\/ploiesti-brasov.ro\/index.php\/wp-json\/wp\/v2\/tags?post=1246"}],"curies":[{"name":"wp","href":"https:\/\/api.w.org\/{rel}","templated":true}]}}